{"id":3691,"date":"2024-08-15T19:11:06","date_gmt":"2024-08-15T17:11:06","guid":{"rendered":"https:\/\/verwaltungsgestaltung.de\/notizen\/?p=3691"},"modified":"2024-08-15T19:11:08","modified_gmt":"2024-08-15T17:11:08","slug":"vortrag-qualitaetsstandard-in-9-laendern-und-3-bundesministerien-transformative-praxis-mit-dem-servicestandard","status":"publish","type":"post","link":"https:\/\/verwaltungsgestaltung.de\/notizen\/2024\/08\/15\/vortrag-qualitaetsstandard-in-9-laendern-und-3-bundesministerien-transformative-praxis-mit-dem-servicestandard\/","title":{"rendered":"Vortrag: Qualit\u00e4tsstandard in 9 L\u00e4ndern und 3 Bundesministerien \u2013 transformative Praxis mit dem Servicestandard"},"content":{"rendered":"\n<p>Digitale staatliche Services in Deutschland sind auch 2024 ein wilder Flickenteppich von durchwachsener Qualit\u00e4t. W\u00e4hrend andere Nationen zentrale, hochqualitative, standardisierte Service-Plattformen f\u00fcr ihre Angebote geschaffen haben, wissen Nutzende hierzulande nicht, was sie hinter dem n\u00e4chsten Klick erwartet. Seit Sommer 2023 geht service.justiz.de einen radikal anderen Weg und folgt dabei international bester Praxis. <\/p>\n\n\n\n<p>Auf der CityLAB-Sommerkonferenz sprachen Caroline Merz und ich dar\u00fcber, wie \u00fcber den Servicestandard Qualit\u00e4t gelingt.<\/p>\n\n\n\n<p>Der Redebeitrag wurde aufgezeichnet und ist auf YouTube verf\u00fcgbar.<\/p>\n\n\n\n<figure class=\"wp-block-embed alignwide is-type-video is-provider-youtube wp-block-embed-youtube wp-embed-aspect-16-9 wp-has-aspect-ratio\"><div class=\"wp-block-embed__wrapper\">\n<iframe loading=\"lazy\" title=\"9 L\u00e4nder, 3 Bundesministerien und 1 gemeinsamer Qualit\u00e4tsstandard? - Martin Jordan &amp; Caroline Merz\" width=\"750\" height=\"422\" src=\"https:\/\/www.youtube.com\/embed\/JfRo2nOcbNM?feature=oembed\" frameborder=\"0\" allow=\"accelerometer; autoplay; clipboard-write; encrypted-media; gyroscope; picture-in-picture; web-share\" referrerpolicy=\"strict-origin-when-cross-origin\" allowfullscreen><\/iframe>\n<\/div><\/figure>\n\n\n\n<p>Im Anschluss an den Vortrag gab es regeres Interesse an den Servicestandard-Postern als jemals zuvor. Alle 20 Poster, die wir mitgebracht hatten, gingen in wenigen Minuten weg.<\/p>\n\n\n\n<p>Auch konnten wir gute Folgegespr\u00e4che mit Interessierten f\u00fchren.<\/p>\n\n\n\n<p>Dieser Vortrag war der letzte in einer 9-monatigen Reihe von Beitr\u00e4gen mit \u00e4hnlichem Inhalt. Mit unterschiedlichem Detailgrad und Tiefe sprachen wir \u00fcber den praktischen Einsatz des Servicestandards im Justizkontext \u2013 unter anderem <a href=\"https:\/\/verwaltungsgestaltung.de\/notizen\/2023\/11\/12\/vortrag-nutzerfreundlich-digitalisieren-mit-dem-servicestandard\/\">auf der Smart Country Convention 2023<\/a> und <a href=\"https:\/\/verwaltungsgestaltung.de\/notizen\/2023\/12\/29\/vortrag-digitale-staatliche-angebote-die-wirklich-funktionieren\/\">bei zwei Veranstaltungen von Digitaler Staat<\/a>. <\/p>\n\n\n\n<p>Diese Beitr\u00e4ge halfen, den Weg zur <a href=\"https:\/\/www.digitale-verwaltung.de\/SharedDocs\/kurzmeldungen\/Webs\/DV\/DE\/2024\/servicestandard_2_0.html\">\u00dcberarbeitung des deutschen Servicestandards<\/a> zu ebnen.<\/p>\n","protected":false},"excerpt":{"rendered":"<p>Auf der CityLAB Sommerkonferenz 2024 sprachen Caroline Merz und Martin Jordan \u00fcber die praktische Anwendung des Servicestandards im Justizkontext und wie er zur Qualit\u00e4tssicherung bei Leistungen, die von 9 L\u00e4ndern angeboten werden, beitr\u00e4gt. <\/p>\n","protected":false},"author":1,"featured_media":3694,"comment_status":"closed","ping_status":"open","sticky":false,"template":"","format":"standard","meta":{"footnotes":""},"categories":[5,9],"tags":[],"class_list":["post-3691","post","type-post","status-publish","format-standard","has-post-thumbnail","hentry","category-deutsch","category-vortrag","entry"],"yoast_head":"<!-- This site is optimized with the Yoast SEO plugin v26.4 - https:\/\/yoast.com\/wordpress\/plugins\/seo\/ -->\n<title>Vortrag: Qualit\u00e4tsstandard in 9 L\u00e4ndern und 3 Bundesministerien \u2013 transformative Praxis mit dem Servicestandard - Verwaltungsgestaltung \u2022 Notizen<\/title>\n<meta name=\"robots\" content=\"index, follow, max-snippet:-1, max-image-preview:large, max-video-preview:-1\" \/>\n<link rel=\"canonical\" href=\"https:\/\/verwaltungsgestaltung.de\/notizen\/2024\/08\/15\/vortrag-qualitaetsstandard-in-9-laendern-und-3-bundesministerien-transformative-praxis-mit-dem-servicestandard\/\" \/>\n<script type=\"application\/ld+json\" class=\"yoast-schema-graph\">{\"@context\":\"https:\/\/schema.org\",\"@graph\":[{\"@type\":\"Article\",\"@id\":\"https:\/\/verwaltungsgestaltung.de\/notizen\/2024\/08\/15\/vortrag-qualitaetsstandard-in-9-laendern-und-3-bundesministerien-transformative-praxis-mit-dem-servicestandard\/#article\",\"isPartOf\":{\"@id\":\"https:\/\/verwaltungsgestaltung.de\/notizen\/2024\/08\/15\/vortrag-qualitaetsstandard-in-9-laendern-und-3-bundesministerien-transformative-praxis-mit-dem-servicestandard\/\"},\"author\":{\"name\":\"Martin Jordan\",\"@id\":\"https:\/\/verwaltungsgestaltung.de\/notizen\/#\/schema\/person\/701c6d4d31c2f752efcdb1c45fb7a25d\"},\"headline\":\"Vortrag: Qualit\u00e4tsstandard in 9 L\u00e4ndern und 3 Bundesministerien \u2013 transformative Praxis mit dem Servicestandard\",\"datePublished\":\"2024-08-15T17:11:06+00:00\",\"dateModified\":\"2024-08-15T17:11:08+00:00\",\"mainEntityOfPage\":{\"@id\":\"https:\/\/verwaltungsgestaltung.de\/notizen\/2024\/08\/15\/vortrag-qualitaetsstandard-in-9-laendern-und-3-bundesministerien-transformative-praxis-mit-dem-servicestandard\/\"},\"wordCount\":197,\"publisher\":{\"@id\":\"https:\/\/verwaltungsgestaltung.de\/notizen\/#organization\"},\"image\":{\"@id\":\"https:\/\/verwaltungsgestaltung.de\/notizen\/2024\/08\/15\/vortrag-qualitaetsstandard-in-9-laendern-und-3-bundesministerien-transformative-praxis-mit-dem-servicestandard\/#primaryimage\"},\"thumbnailUrl\":\"https:\/\/verwaltungsgestaltung.de\/notizen\/wp-content\/uploads\/2024\/08\/Caro-presenting-CityLAB-Sommerkonferenz-2024-.jpg\",\"articleSection\":[\"Deutsch\",\"Vortrag\"],\"inLanguage\":\"en-GB\"},{\"@type\":\"WebPage\",\"@id\":\"https:\/\/verwaltungsgestaltung.de\/notizen\/2024\/08\/15\/vortrag-qualitaetsstandard-in-9-laendern-und-3-bundesministerien-transformative-praxis-mit-dem-servicestandard\/\",\"url\":\"https:\/\/verwaltungsgestaltung.de\/notizen\/2024\/08\/15\/vortrag-qualitaetsstandard-in-9-laendern-und-3-bundesministerien-transformative-praxis-mit-dem-servicestandard\/\",\"name\":\"Vortrag: Qualit\u00e4tsstandard in 9 L\u00e4ndern und 3 Bundesministerien \u2013 transformative Praxis mit dem Servicestandard - Verwaltungsgestaltung \u2022 Notizen\",\"isPartOf\":{\"@id\":\"https:\/\/verwaltungsgestaltung.de\/notizen\/#website\"},\"primaryImageOfPage\":{\"@id\":\"https:\/\/verwaltungsgestaltung.de\/notizen\/2024\/08\/15\/vortrag-qualitaetsstandard-in-9-laendern-und-3-bundesministerien-transformative-praxis-mit-dem-servicestandard\/#primaryimage\"},\"image\":{\"@id\":\"https:\/\/verwaltungsgestaltung.de\/notizen\/2024\/08\/15\/vortrag-qualitaetsstandard-in-9-laendern-und-3-bundesministerien-transformative-praxis-mit-dem-servicestandard\/#primaryimage\"},\"thumbnailUrl\":\"https:\/\/verwaltungsgestaltung.de\/notizen\/wp-content\/uploads\/2024\/08\/Caro-presenting-CityLAB-Sommerkonferenz-2024-.jpg\",\"datePublished\":\"2024-08-15T17:11:06+00:00\",\"dateModified\":\"2024-08-15T17:11:08+00:00\",\"breadcrumb\":{\"@id\":\"https:\/\/verwaltungsgestaltung.de\/notizen\/2024\/08\/15\/vortrag-qualitaetsstandard-in-9-laendern-und-3-bundesministerien-transformative-praxis-mit-dem-servicestandard\/#breadcrumb\"},\"inLanguage\":\"en-GB\",\"potentialAction\":[{\"@type\":\"ReadAction\",\"target\":[\"https:\/\/verwaltungsgestaltung.de\/notizen\/2024\/08\/15\/vortrag-qualitaetsstandard-in-9-laendern-und-3-bundesministerien-transformative-praxis-mit-dem-servicestandard\/\"]}]},{\"@type\":\"ImageObject\",\"inLanguage\":\"en-GB\",\"@id\":\"https:\/\/verwaltungsgestaltung.de\/notizen\/2024\/08\/15\/vortrag-qualitaetsstandard-in-9-laendern-und-3-bundesministerien-transformative-praxis-mit-dem-servicestandard\/#primaryimage\",\"url\":\"https:\/\/verwaltungsgestaltung.de\/notizen\/wp-content\/uploads\/2024\/08\/Caro-presenting-CityLAB-Sommerkonferenz-2024-.jpg\",\"contentUrl\":\"https:\/\/verwaltungsgestaltung.de\/notizen\/wp-content\/uploads\/2024\/08\/Caro-presenting-CityLAB-Sommerkonferenz-2024-.jpg\",\"width\":2000,\"height\":1333,\"caption\":\"A man and a woman are presenting on stage in front of an audience. Behind them, a large screen displays a slide titled \u2018The peer reviewers\u2019 in German with four photos showing people sitting around a table engaged in discussion\"},{\"@type\":\"BreadcrumbList\",\"@id\":\"https:\/\/verwaltungsgestaltung.de\/notizen\/2024\/08\/15\/vortrag-qualitaetsstandard-in-9-laendern-und-3-bundesministerien-transformative-praxis-mit-dem-servicestandard\/#breadcrumb\",\"itemListElement\":[{\"@type\":\"ListItem\",\"position\":1,\"name\":\"Startseite\",\"item\":\"https:\/\/verwaltungsgestaltung.de\/notizen\/\"},{\"@type\":\"ListItem\",\"position\":2,\"name\":\"Vortrag: Qualit\u00e4tsstandard in 9 L\u00e4ndern und 3 Bundesministerien \u2013 transformative Praxis mit dem Servicestandard\"}]},{\"@type\":\"WebSite\",\"@id\":\"https:\/\/verwaltungsgestaltung.de\/notizen\/#website\",\"url\":\"https:\/\/verwaltungsgestaltung.de\/notizen\/\",\"name\":\"Verwaltungsgestaltung \u2022 Notizen\",\"description\":\"\",\"publisher\":{\"@id\":\"https:\/\/verwaltungsgestaltung.de\/notizen\/#organization\"},\"potentialAction\":[{\"@type\":\"SearchAction\",\"target\":{\"@type\":\"EntryPoint\",\"urlTemplate\":\"https:\/\/verwaltungsgestaltung.de\/notizen\/?s={search_term_string}\"},\"query-input\":{\"@type\":\"PropertyValueSpecification\",\"valueRequired\":true,\"valueName\":\"search_term_string\"}}],\"inLanguage\":\"en-GB\"},{\"@type\":\"Organization\",\"@id\":\"https:\/\/verwaltungsgestaltung.de\/notizen\/#organization\",\"name\":\"Verwaltungsgestaltung\",\"url\":\"https:\/\/verwaltungsgestaltung.de\/notizen\/\",\"logo\":{\"@type\":\"ImageObject\",\"inLanguage\":\"en-GB\",\"@id\":\"https:\/\/verwaltungsgestaltung.de\/notizen\/#\/schema\/logo\/image\/\",\"url\":\"https:\/\/verwaltungsgestaltung.de\/notizen\/wp-content\/uploads\/2022\/05\/Logo-Verwaltungsgestaltung.png\",\"contentUrl\":\"https:\/\/verwaltungsgestaltung.de\/notizen\/wp-content\/uploads\/2022\/05\/Logo-Verwaltungsgestaltung.png\",\"width\":1000,\"height\":283,\"caption\":\"Verwaltungsgestaltung\"},\"image\":{\"@id\":\"https:\/\/verwaltungsgestaltung.de\/notizen\/#\/schema\/logo\/image\/\"}},{\"@type\":\"Person\",\"@id\":\"https:\/\/verwaltungsgestaltung.de\/notizen\/#\/schema\/person\/701c6d4d31c2f752efcdb1c45fb7a25d\",\"name\":\"Martin Jordan\",\"url\":\"https:\/\/verwaltungsgestaltung.de\/notizen\/author\/admin\/\"}]}<\/script>\n<!-- \/ Yoast SEO plugin. -->","yoast_head_json":{"title":"Vortrag: Qualit\u00e4tsstandard in 9 L\u00e4ndern und 3 Bundesministerien \u2013 transformative Praxis mit dem Servicestandard - Verwaltungsgestaltung \u2022 Notizen","robots":{"index":"index","follow":"follow","max-snippet":"max-snippet:-1","max-image-preview":"max-image-preview:large","max-video-preview":"max-video-preview:-1"},"canonical":"https:\/\/verwaltungsgestaltung.de\/notizen\/2024\/08\/15\/vortrag-qualitaetsstandard-in-9-laendern-und-3-bundesministerien-transformative-praxis-mit-dem-servicestandard\/","schema":{"@context":"https:\/\/schema.org","@graph":[{"@type":"Article","@id":"https:\/\/verwaltungsgestaltung.de\/notizen\/2024\/08\/15\/vortrag-qualitaetsstandard-in-9-laendern-und-3-bundesministerien-transformative-praxis-mit-dem-servicestandard\/#article","isPartOf":{"@id":"https:\/\/verwaltungsgestaltung.de\/notizen\/2024\/08\/15\/vortrag-qualitaetsstandard-in-9-laendern-und-3-bundesministerien-transformative-praxis-mit-dem-servicestandard\/"},"author":{"name":"Martin Jordan","@id":"https:\/\/verwaltungsgestaltung.de\/notizen\/#\/schema\/person\/701c6d4d31c2f752efcdb1c45fb7a25d"},"headline":"Vortrag: Qualit\u00e4tsstandard in 9 L\u00e4ndern und 3 Bundesministerien \u2013 transformative Praxis mit dem Servicestandard","datePublished":"2024-08-15T17:11:06+00:00","dateModified":"2024-08-15T17:11:08+00:00","mainEntityOfPage":{"@id":"https:\/\/verwaltungsgestaltung.de\/notizen\/2024\/08\/15\/vortrag-qualitaetsstandard-in-9-laendern-und-3-bundesministerien-transformative-praxis-mit-dem-servicestandard\/"},"wordCount":197,"publisher":{"@id":"https:\/\/verwaltungsgestaltung.de\/notizen\/#organization"},"image":{"@id":"https:\/\/verwaltungsgestaltung.de\/notizen\/2024\/08\/15\/vortrag-qualitaetsstandard-in-9-laendern-und-3-bundesministerien-transformative-praxis-mit-dem-servicestandard\/#primaryimage"},"thumbnailUrl":"https:\/\/verwaltungsgestaltung.de\/notizen\/wp-content\/uploads\/2024\/08\/Caro-presenting-CityLAB-Sommerkonferenz-2024-.jpg","articleSection":["Deutsch","Vortrag"],"inLanguage":"en-GB"},{"@type":"WebPage","@id":"https:\/\/verwaltungsgestaltung.de\/notizen\/2024\/08\/15\/vortrag-qualitaetsstandard-in-9-laendern-und-3-bundesministerien-transformative-praxis-mit-dem-servicestandard\/","url":"https:\/\/verwaltungsgestaltung.de\/notizen\/2024\/08\/15\/vortrag-qualitaetsstandard-in-9-laendern-und-3-bundesministerien-transformative-praxis-mit-dem-servicestandard\/","name":"Vortrag: Qualit\u00e4tsstandard in 9 L\u00e4ndern und 3 Bundesministerien \u2013 transformative Praxis mit dem Servicestandard - Verwaltungsgestaltung \u2022 Notizen","isPartOf":{"@id":"https:\/\/verwaltungsgestaltung.de\/notizen\/#website"},"primaryImageOfPage":{"@id":"https:\/\/verwaltungsgestaltung.de\/notizen\/2024\/08\/15\/vortrag-qualitaetsstandard-in-9-laendern-und-3-bundesministerien-transformative-praxis-mit-dem-servicestandard\/#primaryimage"},"image":{"@id":"https:\/\/verwaltungsgestaltung.de\/notizen\/2024\/08\/15\/vortrag-qualitaetsstandard-in-9-laendern-und-3-bundesministerien-transformative-praxis-mit-dem-servicestandard\/#primaryimage"},"thumbnailUrl":"https:\/\/verwaltungsgestaltung.de\/notizen\/wp-content\/uploads\/2024\/08\/Caro-presenting-CityLAB-Sommerkonferenz-2024-.jpg","datePublished":"2024-08-15T17:11:06+00:00","dateModified":"2024-08-15T17:11:08+00:00","breadcrumb":{"@id":"https:\/\/verwaltungsgestaltung.de\/notizen\/2024\/08\/15\/vortrag-qualitaetsstandard-in-9-laendern-und-3-bundesministerien-transformative-praxis-mit-dem-servicestandard\/#breadcrumb"},"inLanguage":"en-GB","potentialAction":[{"@type":"ReadAction","target":["https:\/\/verwaltungsgestaltung.de\/notizen\/2024\/08\/15\/vortrag-qualitaetsstandard-in-9-laendern-und-3-bundesministerien-transformative-praxis-mit-dem-servicestandard\/"]}]},{"@type":"ImageObject","inLanguage":"en-GB","@id":"https:\/\/verwaltungsgestaltung.de\/notizen\/2024\/08\/15\/vortrag-qualitaetsstandard-in-9-laendern-und-3-bundesministerien-transformative-praxis-mit-dem-servicestandard\/#primaryimage","url":"https:\/\/verwaltungsgestaltung.de\/notizen\/wp-content\/uploads\/2024\/08\/Caro-presenting-CityLAB-Sommerkonferenz-2024-.jpg","contentUrl":"https:\/\/verwaltungsgestaltung.de\/notizen\/wp-content\/uploads\/2024\/08\/Caro-presenting-CityLAB-Sommerkonferenz-2024-.jpg","width":2000,"height":1333,"caption":"A man and a woman are presenting on stage in front of an audience. Behind them, a large screen displays a slide titled \u2018The peer reviewers\u2019 in German with four photos showing people sitting around a table engaged in discussion"},{"@type":"BreadcrumbList","@id":"https:\/\/verwaltungsgestaltung.de\/notizen\/2024\/08\/15\/vortrag-qualitaetsstandard-in-9-laendern-und-3-bundesministerien-transformative-praxis-mit-dem-servicestandard\/#breadcrumb","itemListElement":[{"@type":"ListItem","position":1,"name":"Startseite","item":"https:\/\/verwaltungsgestaltung.de\/notizen\/"},{"@type":"ListItem","position":2,"name":"Vortrag: Qualit\u00e4tsstandard in 9 L\u00e4ndern und 3 Bundesministerien \u2013 transformative Praxis mit dem Servicestandard"}]},{"@type":"WebSite","@id":"https:\/\/verwaltungsgestaltung.de\/notizen\/#website","url":"https:\/\/verwaltungsgestaltung.de\/notizen\/","name":"Verwaltungsgestaltung \u2022 Notizen","description":"","publisher":{"@id":"https:\/\/verwaltungsgestaltung.de\/notizen\/#organization"},"potentialAction":[{"@type":"SearchAction","target":{"@type":"EntryPoint","urlTemplate":"https:\/\/verwaltungsgestaltung.de\/notizen\/?s={search_term_string}"},"query-input":{"@type":"PropertyValueSpecification","valueRequired":true,"valueName":"search_term_string"}}],"inLanguage":"en-GB"},{"@type":"Organization","@id":"https:\/\/verwaltungsgestaltung.de\/notizen\/#organization","name":"Verwaltungsgestaltung","url":"https:\/\/verwaltungsgestaltung.de\/notizen\/","logo":{"@type":"ImageObject","inLanguage":"en-GB","@id":"https:\/\/verwaltungsgestaltung.de\/notizen\/#\/schema\/logo\/image\/","url":"https:\/\/verwaltungsgestaltung.de\/notizen\/wp-content\/uploads\/2022\/05\/Logo-Verwaltungsgestaltung.png","contentUrl":"https:\/\/verwaltungsgestaltung.de\/notizen\/wp-content\/uploads\/2022\/05\/Logo-Verwaltungsgestaltung.png","width":1000,"height":283,"caption":"Verwaltungsgestaltung"},"image":{"@id":"https:\/\/verwaltungsgestaltung.de\/notizen\/#\/schema\/logo\/image\/"}},{"@type":"Person","@id":"https:\/\/verwaltungsgestaltung.de\/notizen\/#\/schema\/person\/701c6d4d31c2f752efcdb1c45fb7a25d","name":"Martin Jordan","url":"https:\/\/verwaltungsgestaltung.de\/notizen\/author\/admin\/"}]}},"_links":{"self":[{"href":"https:\/\/verwaltungsgestaltung.de\/notizen\/wp-json\/wp\/v2\/posts\/3691","targetHints":{"allow":["GET"]}}],"collection":[{"href":"https:\/\/verwaltungsgestaltung.de\/notizen\/wp-json\/wp\/v2\/posts"}],"about":[{"href":"https:\/\/verwaltungsgestaltung.de\/notizen\/wp-json\/wp\/v2\/types\/post"}],"author":[{"embeddable":true,"href":"https:\/\/verwaltungsgestaltung.de\/notizen\/wp-json\/wp\/v2\/users\/1"}],"replies":[{"embeddable":true,"href":"https:\/\/verwaltungsgestaltung.de\/notizen\/wp-json\/wp\/v2\/comments?post=3691"}],"version-history":[{"count":6,"href":"https:\/\/verwaltungsgestaltung.de\/notizen\/wp-json\/wp\/v2\/posts\/3691\/revisions"}],"predecessor-version":[{"id":3698,"href":"https:\/\/verwaltungsgestaltung.de\/notizen\/wp-json\/wp\/v2\/posts\/3691\/revisions\/3698"}],"wp:featuredmedia":[{"embeddable":true,"href":"https:\/\/verwaltungsgestaltung.de\/notizen\/wp-json\/wp\/v2\/media\/3694"}],"wp:attachment":[{"href":"https:\/\/verwaltungsgestaltung.de\/notizen\/wp-json\/wp\/v2\/media?parent=3691"}],"wp:term":[{"taxonomy":"category","embeddable":true,"href":"https:\/\/verwaltungsgestaltung.de\/notizen\/wp-json\/wp\/v2\/categories?post=3691"},{"taxonomy":"post_tag","embeddable":true,"href":"https:\/\/verwaltungsgestaltung.de\/notizen\/wp-json\/wp\/v2\/tags?post=3691"}],"curies":[{"name":"wp","href":"https:\/\/api.w.org\/{rel}","templated":true}]}}